{"id":16052,"date":"2011-07-22T12:35:00","date_gmt":"2011-07-22T15:35:00","guid":{"rendered":"http:\/\/baiertecnet.com.br\/institutogolden\/?p=269"},"modified":"2011-07-22T12:35:00","modified_gmt":"2011-07-22T15:35:00","slug":"esclerose-multipla-em-e-a-fisioterapia","status":"publish","type":"post","link":"https:\/\/institutogolden.com.br\/clinica\/esclerose-multipla-em-e-a-fisioterapia\/","title":{"rendered":"Esclerose m\u00faltipla (EM) e a fisioterapia"},"content":{"rendered":"<div dir=\"ltr\">\n<div>Esclerose m\u00faltipla (EM) \u00e9 uma doen\u00e7a inflamat\u00f3ria cr\u00f4nica que afeta o Sistema Nervoso Central (SNC) e sem causa espec\u00edfica. Acredita-se que resulte do ataque do sistema imunol\u00f3gico ao sistema nervoso, classificando-a como uma doen\u00e7a autoimune.<\/div>\n<div><\/div>\n<div>A EM \u00e9 denominada como desmielinizante, pois lesa o que chamamos de bainha de mielina, um complexo\u00a0lipoproteico que envolve os ax\u00f4nios (fibras nervosas) e permite que os impulsos sejam transmitidos rapidamente.<\/div>\n<div><\/div>\n<div>A perda da mielina interfere na transmiss\u00e3o destes impulsos, diminuindo sua velocidade, e por conseq\u00fc\u00eancia produzindo sintomas, tais como: altera\u00e7\u00e3o de sensibilidade, problemas visuais, franqueza muscular, depress\u00e3o, fadiga, parestesia, dificuldades de fala, coordena\u00e7\u00e3o, equil\u00edbrio, entre outros.<\/div>\n<div><\/div>\n<div>\u00c9 fundamental que os pacientes com diagn\u00f3stico de EM mantenham uma atividade f\u00edsica regular, valorizando as manifesta\u00e7\u00f5es cl\u00ednicas, individualizando e direcionando o tratamento para cada paciente, prevenindo a exacerba\u00e7\u00e3o dos sintomas e fadiga.<\/div>\n<div><\/div>\n<div><a href=\"http:\/\/4.bp.blogspot.com\/-Cfv1w9tCpVk\/TimYZmwk3YI\/AAAAAAAABRA\/f073cJfsZ9w\/s1600\/em.jpg\"><img decoding=\"async\" src=\"http:\/\/4.bp.blogspot.com\/-Cfv1w9tCpVk\/TimYZmwk3YI\/AAAAAAAABRA\/f073cJfsZ9w\/s200\/em.jpg\" alt=\"\" width=\"173\" height=\"200\" border=\"0\" \/><\/a><\/div>\n<div>Tratando-se de uma doen\u00e7a que potencialmente afeta v\u00e1rias fun\u00e7\u00f5es neurol\u00f3gicas, a reabilita\u00e7\u00e3o para pacientes com Esclerose M\u00faltipla, geralmente, \u00e9 feita junto a uma equipe multidisciplinar, constitu\u00edda por: m\u00e9dico, fisioterapeuta, fonoaudi\u00f3logo, terapeuta ocupacional, psic\u00f3logo, nutricionista, educador f\u00edsico e assistente social.<\/div>\n<div><\/div>\n<div>O fisioterapeuta tem como objetivos: manter ou aumentar as atividades funcionais; aumentar a for\u00e7a muscular e alongamento; diminuir o quadro \u00e1lgico; promover melhora na qualidade de vida; orientar e prevenir posturas incorretas; adapta\u00e7\u00f5es para facilitar as atividades de vida di\u00e1ria (cozinhar, lavar lou\u00e7a, dirigir, etc).<\/div>\n<div><\/div>\n<div>Os recursos que podem ser utilizados na fisioterapia para pacientes com EM s\u00e3o bastante variados, como: Cinesioterapia, Eletroterapia, Crioterapia, Massoterapia e Hidroterapia. Cabe ao fisioterapeuta fazer uma boa avalia\u00e7\u00e3o funcional de cada paciente e a partir da\u00ed tra\u00e7ar seu plano de tratamento.<\/div>\n<div><\/div>\n<div><\/div>\n<div>Por: Tamires Borges<\/div>\n<div>Fisioterapeuta<\/div>\n<\/div>\n","protected":false},"excerpt":{"rendered":"<p>Esclerose m\u00faltipla (EM) \u00e9 uma doen\u00e7a inflamat\u00f3ria cr\u00f4nica que afeta o Sistema Nervoso Central (SNC) e sem causa espec\u00edfica. Acredita-se que resulte do ataque do sistema imunol\u00f3gico ao sistema nervoso, classificando-a como uma doen\u00e7a autoimune. A EM \u00e9 denominada como desmielinizante, pois lesa o que chamamos de bainha de mielina, um complexo\u00a0lipoproteico que envolve os [&hellip;]<\/p>\n","protected":false},"author":1,"featured_media":0,"comment_status":"open","ping_status":"open","sticky":false,"template":"","format":"standard","meta":{"footnotes":""},"categories":[12],"tags":[66,70,68,71,72],"class_list":["post-16052","post","type-post","status-publish","format-standard","hentry","category-geral","tag-beneficios-fisioterapia","tag-esclerose-multipla","tag-fisioterapia","tag-fisioterapia-porto-alegre","tag-reabilitacao"],"_links":{"self":[{"href":"https:\/\/institutogolden.com.br\/clinica\/wp-json\/wp\/v2\/posts\/16052","targetHints":{"allow":["GET"]}}],"collection":[{"href":"https:\/\/institutogolden.com.br\/clinica\/wp-json\/wp\/v2\/posts"}],"about":[{"href":"https:\/\/institutogolden.com.br\/clinica\/wp-json\/wp\/v2\/types\/post"}],"author":[{"embeddable":true,"href":"https:\/\/institutogolden.com.br\/clinica\/wp-json\/wp\/v2\/users\/1"}],"replies":[{"embeddable":true,"href":"https:\/\/institutogolden.com.br\/clinica\/wp-json\/wp\/v2\/comments?post=16052"}],"version-history":[{"count":0,"href":"https:\/\/institutogolden.com.br\/clinica\/wp-json\/wp\/v2\/posts\/16052\/revisions"}],"wp:attachment":[{"href":"https:\/\/institutogolden.com.br\/clinica\/wp-json\/wp\/v2\/media?parent=16052"}],"wp:term":[{"taxonomy":"category","embeddable":true,"href":"https:\/\/institutogolden.com.br\/clinica\/wp-json\/wp\/v2\/categories?post=16052"},{"taxonomy":"post_tag","embeddable":true,"href":"https:\/\/institutogolden.com.br\/clinica\/wp-json\/wp\/v2\/tags?post=16052"}],"curies":[{"name":"wp","href":"https:\/\/api.w.org\/{rel}","templated":true}]}}